{"id":120273,"date":"2023-05-03T22:23:39","date_gmt":"2023-05-03T20:23:39","guid":{"rendered":"https:\/\/territorialchallenges.com\/?p=120273"},"modified":"2023-05-03T22:23:39","modified_gmt":"2023-05-03T20:23:39","slug":"la-mutualisation-des-projets-numeriques-une-solution-pour-les-collectivites-locales-europeennes","status":"publish","type":"post","link":"https:\/\/territorialchallenges.com\/de\/2023\/05\/03\/la-mutualisation-des-projets-numeriques-une-solution-pour-les-collectivites-locales-europeennes\/120273\/","title":{"rendered":"B\u00fcndelung digitaler Projekte \u2013 eine L\u00f6sung f\u00fcr europ\u00e4ische Kommunen"},"content":{"rendered":"<p>Das Datenmanagement in den Territorien, der digitale Wandel und Smart Cities stellen die lokalen Beh\u00f6rden in den L\u00e4ndern der Europ\u00e4ischen Union vor gro\u00dfe Herausforderungen. Um diese Herausforderungen zu meistern, ist es unerl\u00e4sslich, dass die Beh\u00f6rden zusammenarbeiten und gemeinsame Projekte wie Interreg NWE, die Smart-City-Kooperation und die\u2026 entwickeln. <\/p>\n<div class=\"pmpro_content_message\">Artikel nur f\u00fcr Abonnenten sichtbar.<br \/><a href=\"https:\/\/territorialchallenges.com\/wp-login.php\">Verbindung<\/a><br \/><a href=\"https:\/\/territorialchallenges.com\/de\/wp-login.php\/?action=register\">Registrieren<\/a><\/div>","protected":false},"excerpt":{"rendered":"<p>La gestion des donn\u00e9es appliqu\u00e9es aux territoires, la transition num\u00e9rique et la ville intelligente sont des enjeux majeurs pour les collectivit\u00e9s locales des pays de l&rsquo;Union europ\u00e9enne. Pour r\u00e9pondre \u00e0 ces d\u00e9fis, il est essentiel que ces collectivit\u00e9s se f\u00e9d\u00e8rent pour monter des projets communs, \u00e0 l\u2019exemple de Interreg NWE, de coop\u00e9ration Smart City, du... <\/p>\n<div class=\"pmpro_content_message\">Artikel nur f\u00fcr Abonnenten sichtbar.<br \/><a href=\"https:\/\/territorialchallenges.com\/wp-login.php\">Verbindung<\/a><br \/><a href=\"https:\/\/territorialchallenges.com\/de\/wp-login.php\/?action=register\">Registrieren<\/a><\/div>","protected":false},"author":11,"featured_media":120274,"comment_status":"open","ping_status":"open","sticky":true,"template":"","format":"standard","meta":{"pmpro_default_level":0,"footnotes":""},"categories":[130,117],"tags":[],"blocksy_meta":"","yoast_head":"<!-- This site is optimized with the Yoast SEO plugin v21.5 - https:\/\/yoast.com\/wordpress\/plugins\/seo\/ -->\n<title>La mutualisation des projets num\u00e9riques, une solution pour les collectivit\u00e9s locales europ\u00e9ennes - Territorial Challenges<\/title>\n<meta name=\"robots\" content=\"index, follow, max-snippet:-1, max-image-preview:large, max-video-preview:-1\" \/>\n<link rel=\"canonical\" href=\"https:\/\/territorialchallenges.com\/de\/2023\/05\/03\/la-mutualisation-des-projets-numeriques-une-solution-pour-les-collectivites-locales-europeennes\/120273\/\" \/>\n<meta property=\"og:locale\" content=\"de_DE\" \/>\n<meta property=\"og:type\" content=\"article\" \/>\n<meta property=\"og:title\" content=\"La mutualisation des projets num\u00e9riques, une solution pour les collectivit\u00e9s locales europ\u00e9ennes - Territorial Challenges\" \/>\n<meta property=\"og:description\" content=\"La gestion des donn\u00e9es appliqu\u00e9es aux territoires, la transition num\u00e9rique et la ville intelligente sont des enjeux majeurs pour les collectivit\u00e9s locales des pays de l&rsquo;Union europ\u00e9enne. Pour r\u00e9pondre \u00e0 ces d\u00e9fis, il est essentiel que ces collectivit\u00e9s se f\u00e9d\u00e8rent pour monter des projets communs, \u00e0 l\u2019exemple de Interreg NWE, de coop\u00e9ration Smart City, du [&hellip;]\" \/>\n<meta property=\"og:url\" content=\"https:\/\/territorialchallenges.com\/de\/2023\/05\/03\/la-mutualisation-des-projets-numeriques-une-solution-pour-les-collectivites-locales-europeennes\/120273\/\" \/>\n<meta property=\"og:site_name\" content=\"Territorial Challenges\" \/>\n<meta property=\"article:published_time\" content=\"2023-05-03T20:23:39+00:00\" \/>\n<meta property=\"og:image\" content=\"https:\/\/territorialchallenges.com\/wp-content\/uploads\/2023\/05\/vienne.jpg\" \/>\n\t<meta property=\"og:image:width\" content=\"1280\" \/>\n\t<meta property=\"og:image:height\" content=\"699\" \/>\n\t<meta property=\"og:image:type\" content=\"image\/jpeg\" \/>\n<meta name=\"author\" content=\"ni.abdi\" \/>\n<meta name=\"twitter:card\" content=\"summary_large_image\" \/>\n<meta name=\"twitter:creator\" content=\"@Ni.abdi\" \/>\n<meta name=\"twitter:label1\" content=\"Verfasst von\" \/>\n\t<meta name=\"twitter:data1\" content=\"ni.abdi\" \/>\n\t<meta name=\"twitter:label2\" content=\"Gesch\u00e4tzte Lesezeit\" \/>\n\t<meta name=\"twitter:data2\" content=\"3\u00a0Minuten\" \/>\n<script type=\"application\/ld+json\" class=\"yoast-schema-graph\">{\"@context\":\"https:\/\/schema.org\",\"@graph\":[{\"@type\":\"Article\",\"@id\":\"https:\/\/territorialchallenges.com\/2023\/05\/03\/la-mutualisation-des-projets-numeriques-une-solution-pour-les-collectivites-locales-europeennes\/120273\/#article\",\"isPartOf\":{\"@id\":\"https:\/\/territorialchallenges.com\/2023\/05\/03\/la-mutualisation-des-projets-numeriques-une-solution-pour-les-collectivites-locales-europeennes\/120273\/\"},\"author\":{\"name\":\"ni.abdi\",\"@id\":\"https:\/\/territorialchallenges.com\/#\/schema\/person\/098f145c7c61a021c425e010f840080f\"},\"headline\":\"La mutualisation des projets num\u00e9riques, une solution pour les collectivit\u00e9s locales europ\u00e9ennes\",\"datePublished\":\"2023-05-03T20:23:39+00:00\",\"dateModified\":\"2023-05-03T20:23:39+00:00\",\"mainEntityOfPage\":{\"@id\":\"https:\/\/territorialchallenges.com\/2023\/05\/03\/la-mutualisation-des-projets-numeriques-une-solution-pour-les-collectivites-locales-europeennes\/120273\/\"},\"wordCount\":703,\"commentCount\":0,\"publisher\":{\"@id\":\"https:\/\/territorialchallenges.com\/#organization\"},\"articleSection\":[\"R\u00e9flexion faite\",\"\u00c9cosyst\u00e8me\"],\"inLanguage\":\"de\"},{\"@type\":\"WebPage\",\"@id\":\"https:\/\/territorialchallenges.com\/2023\/05\/03\/la-mutualisation-des-projets-numeriques-une-solution-pour-les-collectivites-locales-europeennes\/120273\/\",\"url\":\"https:\/\/territorialchallenges.com\/2023\/05\/03\/la-mutualisation-des-projets-numeriques-une-solution-pour-les-collectivites-locales-europeennes\/120273\/\",\"name\":\"La mutualisation des projets num\u00e9riques, une solution pour les collectivit\u00e9s locales europ\u00e9ennes - Territorial Challenges\",\"isPartOf\":{\"@id\":\"https:\/\/territorialchallenges.com\/#website\"},\"datePublished\":\"2023-05-03T20:23:39+00:00\",\"dateModified\":\"2023-05-03T20:23:39+00:00\",\"breadcrumb\":{\"@id\":\"https:\/\/territorialchallenges.com\/2023\/05\/03\/la-mutualisation-des-projets-numeriques-une-solution-pour-les-collectivites-locales-europeennes\/120273\/#breadcrumb\"},\"inLanguage\":\"de\",\"potentialAction\":[{\"@type\":\"ReadAction\",\"target\":[\"https:\/\/territorialchallenges.com\/2023\/05\/03\/la-mutualisation-des-projets-numeriques-une-solution-pour-les-collectivites-locales-europeennes\/120273\/\"]}]},{\"@type\":\"BreadcrumbList\",\"@id\":\"https:\/\/territorialchallenges.com\/2023\/05\/03\/la-mutualisation-des-projets-numeriques-une-solution-pour-les-collectivites-locales-europeennes\/120273\/#breadcrumb\",\"itemListElement\":[{\"@type\":\"ListItem\",\"position\":1,\"name\":\"Home\",\"item\":\"https:\/\/territorialchallenges.com\/\"},{\"@type\":\"ListItem\",\"position\":2,\"name\":\"La mutualisation des projets num\u00e9riques, une solution pour les collectivit\u00e9s locales europ\u00e9ennes\"}]},{\"@type\":\"WebSite\",\"@id\":\"https:\/\/territorialchallenges.com\/#website\",\"url\":\"https:\/\/territorialchallenges.com\/\",\"name\":\"Territorial Challenges\",\"description\":\"Veille Internationale - Strat\u00e9gie Intelligentes - Bonnes pratiques\",\"publisher\":{\"@id\":\"https:\/\/territorialchallenges.com\/#organization\"},\"potentialAction\":[{\"@type\":\"SearchAction\",\"target\":{\"@type\":\"EntryPoint\",\"urlTemplate\":\"https:\/\/territorialchallenges.com\/?s={search_term_string}\"},\"query-input\":\"required name=search_term_string\"}],\"inLanguage\":\"de\"},{\"@type\":\"Organization\",\"@id\":\"https:\/\/territorialchallenges.com\/#organization\",\"name\":\"Territorial Challenges\",\"url\":\"https:\/\/territorialchallenges.com\/\",\"logo\":{\"@type\":\"ImageObject\",\"inLanguage\":\"de\",\"@id\":\"https:\/\/territorialchallenges.com\/#\/schema\/logo\/image\/\",\"url\":\"https:\/\/territorialchallenges.com\/wp-content\/uploads\/2023\/10\/logo-1.png\",\"contentUrl\":\"https:\/\/territorialchallenges.com\/wp-content\/uploads\/2023\/10\/logo-1.png\",\"width\":1832,\"height\":576,\"caption\":\"Territorial Challenges\"},\"image\":{\"@id\":\"https:\/\/territorialchallenges.com\/#\/schema\/logo\/image\/\"}},{\"@type\":\"Person\",\"@id\":\"https:\/\/territorialchallenges.com\/#\/schema\/person\/098f145c7c61a021c425e010f840080f\",\"name\":\"ni.abdi\",\"image\":{\"@type\":\"ImageObject\",\"inLanguage\":\"de\",\"@id\":\"https:\/\/territorialchallenges.com\/#\/schema\/person\/image\/\",\"url\":\"https:\/\/secure.gravatar.com\/avatar\/2a2f2491f3c80039986ba989b1e4b510?s=96&d=identicon&r=g\",\"contentUrl\":\"https:\/\/secure.gravatar.com\/avatar\/2a2f2491f3c80039986ba989b1e4b510?s=96&d=identicon&r=g\",\"caption\":\"ni.abdi\"},\"sameAs\":[\"https:\/\/twitter.com\/Ni.abdi\"],\"url\":\"https:\/\/territorialchallenges.com\/de\/author\/ni-abdi\/\"}]}<\/script>\n<!-- \/ Yoast SEO plugin. -->","yoast_head_json":{"title":"La mutualisation des projets num\u00e9riques, une solution pour les collectivit\u00e9s locales europ\u00e9ennes - Territorial Challenges","robots":{"index":"index","follow":"follow","max-snippet":"max-snippet:-1","max-image-preview":"max-image-preview:large","max-video-preview":"max-video-preview:-1"},"canonical":"https:\/\/territorialchallenges.com\/de\/2023\/05\/03\/la-mutualisation-des-projets-numeriques-une-solution-pour-les-collectivites-locales-europeennes\/120273\/","og_locale":"de_DE","og_type":"article","og_title":"La mutualisation des projets num\u00e9riques, une solution pour les collectivit\u00e9s locales europ\u00e9ennes - Territorial Challenges","og_description":"La gestion des donn\u00e9es appliqu\u00e9es aux territoires, la transition num\u00e9rique et la ville intelligente sont des enjeux majeurs pour les collectivit\u00e9s locales des pays de l&rsquo;Union europ\u00e9enne. Pour r\u00e9pondre \u00e0 ces d\u00e9fis, il est essentiel que ces collectivit\u00e9s se f\u00e9d\u00e8rent pour monter des projets communs, \u00e0 l\u2019exemple de Interreg NWE, de coop\u00e9ration Smart City, du [&hellip;]","og_url":"https:\/\/territorialchallenges.com\/de\/2023\/05\/03\/la-mutualisation-des-projets-numeriques-une-solution-pour-les-collectivites-locales-europeennes\/120273\/","og_site_name":"Territorial Challenges","article_published_time":"2023-05-03T20:23:39+00:00","og_image":[{"width":1280,"height":699,"url":"https:\/\/territorialchallenges.com\/wp-content\/uploads\/2023\/05\/vienne.jpg","type":"image\/jpeg"}],"author":"ni.abdi","twitter_card":"summary_large_image","twitter_creator":"@Ni.abdi","twitter_misc":{"Verfasst von":"ni.abdi","Gesch\u00e4tzte Lesezeit":"3\u00a0Minuten"},"schema":{"@context":"https:\/\/schema.org","@graph":[{"@type":"Article","@id":"https:\/\/territorialchallenges.com\/2023\/05\/03\/la-mutualisation-des-projets-numeriques-une-solution-pour-les-collectivites-locales-europeennes\/120273\/#article","isPartOf":{"@id":"https:\/\/territorialchallenges.com\/2023\/05\/03\/la-mutualisation-des-projets-numeriques-une-solution-pour-les-collectivites-locales-europeennes\/120273\/"},"author":{"name":"ni.abdi","@id":"https:\/\/territorialchallenges.com\/#\/schema\/person\/098f145c7c61a021c425e010f840080f"},"headline":"La mutualisation des projets num\u00e9riques, une solution pour les collectivit\u00e9s locales europ\u00e9ennes","datePublished":"2023-05-03T20:23:39+00:00","dateModified":"2023-05-03T20:23:39+00:00","mainEntityOfPage":{"@id":"https:\/\/territorialchallenges.com\/2023\/05\/03\/la-mutualisation-des-projets-numeriques-une-solution-pour-les-collectivites-locales-europeennes\/120273\/"},"wordCount":703,"commentCount":0,"publisher":{"@id":"https:\/\/territorialchallenges.com\/#organization"},"articleSection":["R\u00e9flexion faite","\u00c9cosyst\u00e8me"],"inLanguage":"de"},{"@type":"WebPage","@id":"https:\/\/territorialchallenges.com\/2023\/05\/03\/la-mutualisation-des-projets-numeriques-une-solution-pour-les-collectivites-locales-europeennes\/120273\/","url":"https:\/\/territorialchallenges.com\/2023\/05\/03\/la-mutualisation-des-projets-numeriques-une-solution-pour-les-collectivites-locales-europeennes\/120273\/","name":"La mutualisation des projets num\u00e9riques, une solution pour les collectivit\u00e9s locales europ\u00e9ennes - Territorial Challenges","isPartOf":{"@id":"https:\/\/territorialchallenges.com\/#website"},"datePublished":"2023-05-03T20:23:39+00:00","dateModified":"2023-05-03T20:23:39+00:00","breadcrumb":{"@id":"https:\/\/territorialchallenges.com\/2023\/05\/03\/la-mutualisation-des-projets-numeriques-une-solution-pour-les-collectivites-locales-europeennes\/120273\/#breadcrumb"},"inLanguage":"de","potentialAction":[{"@type":"ReadAction","target":["https:\/\/territorialchallenges.com\/2023\/05\/03\/la-mutualisation-des-projets-numeriques-une-solution-pour-les-collectivites-locales-europeennes\/120273\/"]}]},{"@type":"BreadcrumbList","@id":"https:\/\/territorialchallenges.com\/2023\/05\/03\/la-mutualisation-des-projets-numeriques-une-solution-pour-les-collectivites-locales-europeennes\/120273\/#breadcrumb","itemListElement":[{"@type":"ListItem","position":1,"name":"Home","item":"https:\/\/territorialchallenges.com\/"},{"@type":"ListItem","position":2,"name":"La mutualisation des projets num\u00e9riques, une solution pour les collectivit\u00e9s locales europ\u00e9ennes"}]},{"@type":"WebSite","@id":"https:\/\/territorialchallenges.com\/#website","url":"https:\/\/territorialchallenges.com\/","name":"Territoriale Herausforderungen","description":"Internationales Monitoring \u2013 Intelligente Strategien \u2013 Best Practices","publisher":{"@id":"https:\/\/territorialchallenges.com\/#organization"},"potentialAction":[{"@type":"SearchAction","target":{"@type":"EntryPoint","urlTemplate":"https:\/\/territorialchallenges.com\/?s={search_term_string}"},"query-input":"required name=search_term_string"}],"inLanguage":"de"},{"@type":"Organization","@id":"https:\/\/territorialchallenges.com\/#organization","name":"Territoriale Herausforderungen","url":"https:\/\/territorialchallenges.com\/","logo":{"@type":"ImageObject","inLanguage":"de","@id":"https:\/\/territorialchallenges.com\/#\/schema\/logo\/image\/","url":"https:\/\/territorialchallenges.com\/wp-content\/uploads\/2023\/10\/logo-1.png","contentUrl":"https:\/\/territorialchallenges.com\/wp-content\/uploads\/2023\/10\/logo-1.png","width":1832,"height":576,"caption":"Territorial Challenges"},"image":{"@id":"https:\/\/territorialchallenges.com\/#\/schema\/logo\/image\/"}},{"@type":"Person","@id":"https:\/\/territorialchallenges.com\/#\/schema\/person\/098f145c7c61a021c425e010f840080f","name":"ni.abdi","image":{"@type":"ImageObject","inLanguage":"de","@id":"https:\/\/territorialchallenges.com\/#\/schema\/person\/image\/","url":"https:\/\/secure.gravatar.com\/avatar\/2a2f2491f3c80039986ba989b1e4b510?s=96&d=identicon&r=g","contentUrl":"https:\/\/secure.gravatar.com\/avatar\/2a2f2491f3c80039986ba989b1e4b510?s=96&d=identicon&r=g","caption":"ni.abdi"},"sameAs":["https:\/\/twitter.com\/Ni.abdi"],"url":"https:\/\/territorialchallenges.com\/de\/author\/ni-abdi\/"}]}},"_links":{"self":[{"href":"https:\/\/territorialchallenges.com\/de\/wp-json\/wp\/v2\/posts\/120273"}],"collection":[{"href":"https:\/\/territorialchallenges.com\/de\/wp-json\/wp\/v2\/posts"}],"about":[{"href":"https:\/\/territorialchallenges.com\/de\/wp-json\/wp\/v2\/types\/post"}],"author":[{"embeddable":true,"href":"https:\/\/territorialchallenges.com\/de\/wp-json\/wp\/v2\/users\/11"}],"replies":[{"embeddable":true,"href":"https:\/\/territorialchallenges.com\/de\/wp-json\/wp\/v2\/comments?post=120273"}],"version-history":[{"count":1,"href":"https:\/\/territorialchallenges.com\/de\/wp-json\/wp\/v2\/posts\/120273\/revisions"}],"predecessor-version":[{"id":120278,"href":"https:\/\/territorialchallenges.com\/de\/wp-json\/wp\/v2\/posts\/120273\/revisions\/120278"}],"wp:featuredmedia":[{"embeddable":true,"href":"https:\/\/territorialchallenges.com\/de\/wp-json\/wp\/v2\/media\/120274"}],"wp:attachment":[{"href":"https:\/\/territorialchallenges.com\/de\/wp-json\/wp\/v2\/media?parent=120273"}],"wp:term":[{"taxonomy":"category","embeddable":true,"href":"https:\/\/territorialchallenges.com\/de\/wp-json\/wp\/v2\/categories?post=120273"},{"taxonomy":"post_tag","embeddable":true,"href":"https:\/\/territorialchallenges.com\/de\/wp-json\/wp\/v2\/tags?post=120273"}],"curies":[{"name":"wp","href":"https:\/\/api.w.org\/{rel}","templated":true}]}}